{"id":17711,"date":"2026-04-22T07:24:18","date_gmt":"2026-04-22T05:24:18","guid":{"rendered":"https:\/\/nationalpark-gesaeuse.at\/?post_type=news&#038;p=17711"},"modified":"2026-04-22T07:27:36","modified_gmt":"2026-04-22T05:27:36","slug":"17711","status":"publish","type":"news","link":"https:\/\/nationalpark-gesaeuse.at\/en\/service\/news\/17711\/","title":{"rendered":"Teamwork beim Kreisverkehr Admont\/Hall"},"content":{"rendered":"<section id='lightpress__section--block_222769982e3a2a6787422c1104c3ba69' class='lightpress__section lightpress__section--text lightpress__section--full_width lightpress__section--'>    <div><p>Admont\/Hall \u2013 Durch gemeinsames Engagement und organisations\u00fcbergreifende Zusammenarbeit wurde der Kreisverkehr in Hall bei Admont k\u00fcrzlich neugestaltet. Sowohl der Weidendom als Zentrum des Kreisverkehrs als auch der Infopoint im Nahbereich erstrahlen in neuem Glanz.<\/p>\n<p>&nbsp;<\/p>\n<p>Im Rahmen eines Teambuilding-Projekts haben Mitarbeiterinnen und Mitarbeiter der Marktgemeinde Admont sowie des Nationalparks Ges\u00e4use den Weidendom gemeinsam geplant und umgesetzt. Dabei wurden Weidenruten geb\u00fcndelt und die B\u00f6gen tief ins Erdreich verankert. Das Ergebnis ist ein lebendiges und einladendes Entr\u00e9e in die Region. Der hier gestaltete Weidendom ist dabei der kleine Bruder des \u201eErlebniszentrums Weidendom\u201c im Herzen des Nationalparks und wird durch den gro\u00dfen Ges\u00e4use-Schriftzug \u2013 das Aush\u00e4ngeschild der Region &#8211; bereichert.<\/p>\n<p>&nbsp;<\/p>\n<p>Parallel dazu wurde auch der nahegelegene Infopoint umfassend \u00fcberarbeitet. In Kooperation zwischen dem Nationalpark Ges\u00e4use, dem Tourismusverband Ges\u00e4use, der Gemeinde Admont und dem Stift Admont entstand eine moderne Informationsstelle, die Besucherinnen und Besuchern einen kompakten \u00dcberblick \u00fcber die vielf\u00e4ltigen Ausflugsziele und St\u00e4rken der Region bietet.<\/p>\n<p>Ein besonderes Highlight stellt das neu installierte Gel\u00e4ndemodell der Ges\u00e4useberge dar. Es erm\u00f6glicht G\u00e4sten eine anschauliche Orientierung und macht die markante Landschaft des Nationalparks und seiner umliegenden Region auf einen Blick begreifbar.<\/p>\n<p>&nbsp;<\/p>\n<p>Nationalparkdirektor Herbert W\u00f6lger: \u201eDie Neugestaltung unterstreicht die enge Zusammenarbeit der regionalen Partner. Wenn jede Organisation partnerschaftlich ihre Kompetenz einbringt gibt\u2019s am Ende des Tages ein ordentliches Ergebnis.\u201c<\/p>\n<p>&nbsp;<\/p>\n<p>Jaqueline Egger vom Tourismusverband Ges\u00e4use erg\u00e4nzt: <em>&#8222;Damit ist ein erster sichtbarer Schritt f\u00fcr weitere Tafeln im Ges\u00e4use-Stil gesetzt, die in der ganzen Region f\u00fcr Wiedererkennung, Orientierung und k\u00fcnftig auch f\u00fcr eine gute Besucher:innenlenkung sorgen werden. Ein herzliches Danke an den Bauhof Hall f\u00fcr die sch\u00f6ne Umsetzung vor Ort.\u201c<\/em><\/p>\n<p>&nbsp;<\/p>\n<p><u>Enquiry notice:<\/u><\/p>\n<p>Christoph Unterberger | c.unterberger@nationalpark-gesaeuse.at | +43 664 82 52\u00a0309<\/p>\n<\/div>\n\n    <\/section>\n\n<section id='lightpress__section--block_051eca05cbf8708264d5260350e37ec9' class='lightpress__section lightpress__section--downloads lightpress__section--full_width lightpress__section--'><div class=\"downloads\">\n    <div class=\"downloads__title-container\">\n        <h2 class=\"downloads__title uppercase\">Downloads zum Artikel:<\/h2>\n    <\/div>\n    <div class=\"downloads__files\">\n                    <style style=\"display: none\">.download{display:-webkit-box;display:-ms-flexbox;display:flex;-webkit-box-pack:justify;-ms-flex-pack:justify;justify-content:space-between;-webkit-box-align:center;-ms-flex-align:center;align-items:center;-webkit-box-sizing:border-box;box-sizing:border-box;padding:1em;border-radius:3px}.download__info{-ms-flex-wrap:nowrap;flex-wrap:nowrap}.download__info>*{display:inline-block}.download__title{font-size:1.1875rem;line-height:1em}.lightpress__body .download__filesize{margin-right:1em;font-size:.875rem;line-height:1em;opacity:.66}.download__link{color:var(--color-dark, black)}<\/style>\n\n<div class=\"download bg-light\">\n    <p class=\"download__title color-text-grey\">Text: Teamwork<\/p>\n    <div class=\"download__info\">\n                    <p class=\"download__filesize color-text-grey\">2.9 MB<\/p>\n                <a href=\"https:\/\/nationalpark-gesaeuse.at\/wp-content\/uploads\/2026_04_21_Teamwork-beim-Kreisverkehr-Admont.docx\" class=\"download__link\" download>\n            <i class=\"fal fa-download fa-lg\"><\/i>\n        <\/a>\n    <\/div>\n<\/div>                    \n\n<div class=\"download bg-light\">\n    <p class=\"download__title color-text-grey\">Foto: Am Infopoint<\/p>\n    <div class=\"download__info\">\n                    <p class=\"download__filesize color-text-grey\">578.5 KB<\/p>\n                <a href=\"https:\/\/nationalpark-gesaeuse.at\/wp-content\/uploads\/2026_04_21_Andi-Hollinger-9527-scaled.jpg\" class=\"download__link\" download>\n            <i class=\"fal fa-download fa-lg\"><\/i>\n        <\/a>\n    <\/div>\n<\/div>                    \n\n<div class=\"download bg-light\">\n    <p class=\"download__title color-text-grey\">Foto: Am kleinen Weidendom<\/p>\n    <div class=\"download__info\">\n                    <p class=\"download__filesize color-text-grey\">912.6 KB<\/p>\n                <a href=\"https:\/\/nationalpark-gesaeuse.at\/wp-content\/uploads\/2026_04_21_NP-Gesaeuse-8191-scaled.jpg\" class=\"download__link\" download>\n            <i class=\"fal fa-download fa-lg\"><\/i>\n        <\/a>\n    <\/div>\n<\/div>                    \n\n<div class=\"download bg-light\">\n    <p class=\"download__title color-text-grey\">Foto: Am Gelaendemodell<\/p>\n    <div class=\"download__info\">\n                    <p class=\"download__filesize color-text-grey\">832.4 KB<\/p>\n                <a href=\"https:\/\/nationalpark-gesaeuse.at\/wp-content\/uploads\/2026_04_21_Andi-Hollinger-9535-scaled.jpg\" class=\"download__link\" download>\n            <i class=\"fal fa-download fa-lg\"><\/i>\n        <\/a>\n    <\/div>\n<\/div>                    \n\n<div class=\"download bg-light\">\n    <p class=\"download__title color-text-grey\">Foto: Am Gelaendemodell Hochfo&#8230;<\/p>\n    <div class=\"download__info\">\n                    <p class=\"download__filesize color-text-grey\">747.9 KB<\/p>\n                <a href=\"https:\/\/nationalpark-gesaeuse.at\/wp-content\/uploads\/2026_04_21_Andi-Hollinger-9538-scaled.jpg\" class=\"download__link\" download>\n            <i class=\"fal fa-download fa-lg\"><\/i>\n        <\/a>\n    <\/div>\n<\/div>                    \n\n<div class=\"download bg-light\">\n    <p class=\"download__title color-text-grey\">Foto: Beim Weidenbinden<\/p>\n    <div class=\"download__info\">\n                    <p class=\"download__filesize color-text-grey\">825.9 KB<\/p>\n                <a href=\"https:\/\/nationalpark-gesaeuse.at\/wp-content\/uploads\/2026_04_21_Herbert-Woelger-8114-scaled.jpg\" class=\"download__link\" download>\n            <i class=\"fal fa-download fa-lg\"><\/i>\n        <\/a>\n    <\/div>\n<\/div>            <\/div>\n<\/div><\/section>","protected":false},"excerpt":{"rendered":"","protected":false},"featured_media":17712,"template":"","class_list":["post-17711","news","type-news","status-publish","has-post-thumbnail","hentry"],"acf":[],"_links":{"self":[{"href":"https:\/\/nationalpark-gesaeuse.at\/en\/wp-json\/wp\/v2\/news\/17711","targetHints":{"allow":["GET"]}}],"collection":[{"href":"https:\/\/nationalpark-gesaeuse.at\/en\/wp-json\/wp\/v2\/news"}],"about":[{"href":"https:\/\/nationalpark-gesaeuse.at\/en\/wp-json\/wp\/v2\/types\/news"}],"wp:featuredmedia":[{"embeddable":true,"href":"https:\/\/nationalpark-gesaeuse.at\/en\/wp-json\/wp\/v2\/media\/17712"}],"wp:attachment":[{"href":"https:\/\/nationalpark-gesaeuse.at\/en\/wp-json\/wp\/v2\/media?parent=17711"}],"curies":[{"name":"wp","href":"https:\/\/api.w.org\/{rel}","templated":true}]}}